{"id":7280,"date":"2021-05-17T13:00:41","date_gmt":"2021-05-17T11:00:41","guid":{"rendered":"https:\/\/informatialibera.ro\/?p=7280"},"modified":"2021-05-17T13:01:30","modified_gmt":"2021-05-17T11:01:30","slug":"a-covid-statisztika-az-evszazad-csalasa-a-miniszteriumi-jelentes-szerint-csak-227-halaleset-tortent-covid19-fertozes-miatt-romaniaban-2020-ban","status":"publish","type":"post","link":"https:\/\/informatialibera.ro\/hu\/a-covid-statisztika-az-evszazad-csalasa-a-miniszteriumi-jelentes-szerint-csak-227-halaleset-tortent-covid19-fertozes-miatt-romaniaban-2020-ban\/","title":{"rendered":"A covid-statisztika az \u00e9vsz\u00e1zad csal\u00e1sa: a miniszt\u00e9riumi jelent\u00e9s szerint csak 227 hal\u00e1leset t\u00f6rt\u00e9nt covid19 fert\u0151z\u00e9s miatt Rom\u00e1ni\u00e1ban 2020-ban"},"content":{"rendered":"<h3>Az \u201e\u00e9vsz\u00e1zad csal\u00e1s\u00e1nak\u201d titul\u00e1lta cikk\u00e9ben az <a href=\"https:\/\/www.activenews.ro\/stiri\/STIREA-ANULUI.-Ministerul-Sanatatii-recunoaste-ca-NUMAI-227-DE-OAMENI-AU-MURIT-cu-adevarat-DE-COVID-in-Romania-in-toata-plandemia-Raportul-MS-Diagnosticele-codificate-ca-principale-nu-au-fost-DE-COVID-conform-OMS-infarct-ulcer-hernii-fracturi-166881\">ActiveNews<\/a> h\u00edrport\u00e1l az eg\u00e9sz rom\u00e1niai covid-miz\u00e9ri\u00e1t, annak a hivatalos statisztik\u00e1nak s t\u00fckr\u00e9ben, mely p\u00e1r napja ker\u00fclt nyilv\u00e1noss\u00e1gra.<\/h3>\n<h3>Ha a rom\u00e1n eg\u00e9szs\u00e9g\u00fcgyi miniszt\u00e9riumi m\u00falt h\u00e9t v\u00e9g\u00e9n lek\u00f6z\u00f6lt adatai re\u00e1lisak, akkor <strong>Rom\u00e1ni\u00e1ban 2020-ban val\u00f3j\u00e1ban \u201ecsak\u201d 227 szem\u00e9ly hunyt el a koronav\u00edrus okozta fert\u0151z\u00e9sben<\/strong> , a jelentett fert\u0151z\u00f6ttek teljes sz\u00e1m\u00e1nak mind\u00f6ssze 0,0004% -a. \u00c9s ez\u00e9rt z\u00e1rt\u00e1k le az orsz\u00e1got, tett\u00e9k t\u00f6nkre az emberek \u00e9let\u00e9t, a gazdas\u00e1got, tan\u00fcgyet, eg\u00e9szs\u00e9g\u00fcgyet.<\/h3>\n<p>A t\u00f6bbi jelentett \u00e9s covidosnak hazudott hal\u00e1leset m\u00e1s okokb\u00f3l k\u00f6vetkezett be.<\/p>\n<p>\u00c9s ez ment \u00e9s megy az eg\u00e9sz vil\u00e1gon.<\/p>\n<p>Az eg\u00e9szs\u00e9g\u00fcgyi miniszter szerint az orvosok az MS Alerts alkalmaz\u00e1s\u00e1val kapcsolatban 26.106 ezer Covid-hal\u00e1lesetet jelentettek be, de ebb\u0151l csak 227 esetben azonos\u00edtott a primer Covid-19 diagn\u00f3zis \u00e9s 25.875 m\u00e1sodlagos diagn\u00f3zis\u00fa Covid-19 volt. Ami azt jelenti, hogy a v\u00edrus jelen lehetett a beteg szervezet\u00e9ben, de nem okozta a hal\u00e1l\u00e1t. B\u00e1r figyelembe v\u00e9ve a diagnosztikai c\u00e9lokra alkalmatlan PCR teszteket, ezek a v\u00edrusjelenl\u00e9tek is igencsak megk\u00e9rd\u0151jelezhet\u0151ek.<\/p>\n<p>A 25 875 hal\u00e1lesetet illet\u0151en a helyzet a k\u00f6vetkez\u0151 : 19 698 hal\u00e1lesetnek m\u00e1sodlagos diagn\u00f3zisa van U071 k\u00f3ddal (meger\u0151s\u00edtett hal\u00e1l Covid) \u00e9s 6 181 U072 k\u00f3ddal (gyan\u00fas hal\u00e1l Covid)<\/p>\n<p>&nbsp;<\/p>\n<p><img loading=\"lazy\" decoding=\"async\" class=\"alignnone size-medium wp-image-7275\" src=\"https:\/\/informatialibera.ro\/wp-content\/uploads\/2021\/05\/Raport-Comisie-decese-COVID_7-05-2021-pdf-300x107.png\" alt=\"\" width=\"300\" height=\"107\" srcset=\"https:\/\/informatialibera.ro\/wp-content\/uploads\/2021\/05\/Raport-Comisie-decese-COVID_7-05-2021-pdf-300x107.png 300w, https:\/\/informatialibera.ro\/wp-content\/uploads\/2021\/05\/Raport-Comisie-decese-COVID_7-05-2021-pdf-768x273.png 768w, https:\/\/informatialibera.ro\/wp-content\/uploads\/2021\/05\/Raport-Comisie-decese-COVID_7-05-2021-pdf-431x153.png 431w, https:\/\/informatialibera.ro\/wp-content\/uploads\/2021\/05\/Raport-Comisie-decese-COVID_7-05-2021-pdf.png 847w\" sizes=\"auto, (max-width: 300px) 100vw, 300px\" \/><\/p>\n<p>&nbsp;<\/p>\n<p>Teh\u00e1t, ha a miniszt\u00e9rium i jelent\u00e9s val\u00f3s, \u00fagy \u00a025 875 embert \u00f6lhettek meg a covid-protokollal?<\/p>\n<p>Amibe besz\u00e1m\u00edtand\u00f3 az is, ha esetleg nem kezelt\u00e9k megfelel\u0151en az elhunyt alapbetegs\u00e9g\u00e9t vagy a covid protokoll el\u0151\u00edrta kezel\u00e9sek \u00e9ppen s\u00falyosb\u00edtott\u00e1k a\u00a0 beteg \u00e1llapot\u00e1t. A k\u00fcl\u00f6nf\u00e9le antivir\u00e1lis szerek nem megfelel\u0151 alkalmaz\u00e1sa, illetve a kiadott covid-protokoll szerint alkalmazott Paracetamol t\u00faladagol\u00e1s \u00f6nmag\u00e1ban v\u00e9gzetes lehet a m\u00e1j- \u00e9s vesebetegek eset\u00e9ben, m\u00edg a t\u00fcd\u0151gyullad\u00e1sok eset\u00e9ben protokoll\u00e1risan alkalmazott intub\u00e1l\u00e1sok \u00e9s az ehhez kapcsol\u00f3d\u00f3 \u00fagynevezett \u201eizomlaz\u00edt\u00f3\u201d injekci\u00f3k \u00e9s er\u0151s szedat\u00edv szerek egy\u00e9rtelm\u0171en v\u00e9gzetesek lehettek nagyon sok \u00e1ldozat, p\u00e1ciens sz\u00e1m\u00e1ra.<\/p>\n<p>&nbsp;<\/p>\n<p><img loading=\"lazy\" decoding=\"async\" class=\"alignnone size-medium wp-image-7277\" src=\"https:\/\/informatialibera.ro\/wp-content\/uploads\/2021\/05\/Raport-Comisie-decese-COVID_7-05-2021-pdf1-300x209.png\" alt=\"\" width=\"300\" height=\"209\" srcset=\"https:\/\/informatialibera.ro\/wp-content\/uploads\/2021\/05\/Raport-Comisie-decese-COVID_7-05-2021-pdf1-300x209.png 300w, https:\/\/informatialibera.ro\/wp-content\/uploads\/2021\/05\/Raport-Comisie-decese-COVID_7-05-2021-pdf1-768x534.png 768w, https:\/\/informatialibera.ro\/wp-content\/uploads\/2021\/05\/Raport-Comisie-decese-COVID_7-05-2021-pdf1-431x300.png 431w, https:\/\/informatialibera.ro\/wp-content\/uploads\/2021\/05\/Raport-Comisie-decese-COVID_7-05-2021-pdf1.png 815w\" sizes=\"auto, (max-width: 300px) 100vw, 300px\" \/><\/p>\n<p>&nbsp;<\/p>\n<p>Egy m\u00e1sik megfigyel\u00e9s az, hogy a m\u00e1sodlagos diagn\u00f3zis\u00fa COVID &#8211; U. 07 .1 (19 698 hal\u00e1loz\u00e1s) hal\u00e1loz\u00e1s teljes sz\u00e1m\u00e1ban a f\u0151 diagn\u00f3zisok t\u00f6bb s\u00falyos betegs\u00e9get sorolnak fel. \u00cdgy az els\u0151dleges hal\u00e1loknak jelzett \u00a0diagn\u00f3zisok egy r\u00e9sze akut diagn\u00f3zis volt, amelyek a WHO szerint nem t\u00e1rs\u00edthat\u00f3k a COVID betegs\u00e9ghez (pl. akut miokardi\u00e1lis infarktus , akut gyomorfek\u00e9ly, s\u00e9rvek, t\u00f6r\u00e9sek, traum\u00e1k stb.).<\/p>\n<p>A miniszt\u00e9rium cs\u00fct\u00f6rt\u00f6k\u00f6n nyilv\u00e1noss\u00e1gra hozta a jelent\u00e9st, de nem r\u00e9szletezt\u00e9k, nem magyar\u00e1zt\u00e1k meg az ott felsorolt esetsz\u00e1mok m\u00f6g\u00f6tt\u00a0 rejl\u0151 t\u00e9nyeket.<\/p>\n<p>De egy nyilv\u00e1nval\u00f3 egy ilyen eset ut\u00e1n az eg\u00e9sz korm\u00e1nyvezet\u00e9s, els\u0151sorban Raed Arafat \u00e9s az eg\u00e9szs\u00e9g\u00fcgyi miniszt\u00e9riumban lev\u0151 t\u00f6bbi covid-f\u0171rer azonnal le kellene mondjon \u00e9s b\u00edr\u00f3s\u00e1g el\u0151tt feleljen ez\u00e9rt.<\/p>\n<p>(Forr\u00e1s: ActiveNews)<\/p>\n<p>&nbsp;<\/p>\n","protected":false},"excerpt":{"rendered":"<p>Az \u201e\u00e9vsz\u00e1zad csal\u00e1s\u00e1nak\u201d titul\u00e1lta cikk\u00e9ben az ActiveNews h\u00edrport\u00e1l az eg\u00e9sz rom\u00e1niai covid-miz\u00e9ri\u00e1t, annak a hivatalos statisztik\u00e1nak s t\u00fckr\u00e9ben, mely p\u00e1r napja ker\u00fclt nyilv\u00e1noss\u00e1gra. Ha a rom\u00e1n eg\u00e9szs\u00e9g\u00fcgyi miniszt\u00e9riumi m\u00falt h\u00e9t v\u00e9g\u00e9n lek\u00f6z\u00f6lt adatai re\u00e1lisak, akkor Rom\u00e1ni\u00e1ban 2020-ban val\u00f3j\u00e1ban \u201ecsak\u201d 227 szem\u00e9ly hunyt el a koronav\u00edrus okozta fert\u0151z\u00e9sben , a jelentett [&hellip;]<\/p>\n","protected":false},"author":2,"featured_media":7279,"comment_status":"open","ping_status":"open","sticky":false,"template":"","format":"standard","meta":{"footnotes":""},"categories":[407,577],"tags":[],"class_list":["post-7280","post","type-post","status-publish","format-standard","has-post-thumbnail","category-aktualis","category-tenyek-mogott-a-lenyeg"],"yoast_head":"<!-- This site is optimized with the Yoast SEO Premium plugin v24.5 (Yoast SEO v28.3) - https:\/\/yoast.com\/product\/yoast-seo-premium-wordpress\/ -->\n<title>A covid-statisztika az \u00e9vsz\u00e1zad csal\u00e1sa: a miniszt\u00e9riumi jelent\u00e9s szerint csak 227 hal\u00e1leset t\u00f6rt\u00e9nt covid19 fert\u0151z\u00e9s miatt Rom\u00e1ni\u00e1ban 2020-ban -<\/title>\n<meta name=\"description\" content=\"A covid-statisztika az \u00e9vsz\u00e1zad csal\u00e1sa: a miniszt\u00e9riumi jelent\u00e9s szerint csak 227 hal\u00e1leset t\u00f6rt\u00e9nt covid19 fert\u0151z\u00e9s miatt Rom\u00e1ni\u00e1ban 2020-ban\" \/>\n<meta name=\"robots\" content=\"index, follow, max-snippet:-1, max-image-preview:large, max-video-preview:-1\" \/>\n<link rel=\"canonical\" href=\"https:\/\/informatialibera.ro\/hu\/a-covid-statisztika-az-evszazad-csalasa-a-miniszteriumi-jelentes-szerint-csak-227-halaleset-tortent-covid19-fertozes-miatt-romaniaban-2020-ban\/\" \/>\n<meta property=\"og:locale\" content=\"hu_HU\" \/>\n<meta property=\"og:type\" content=\"article\" \/>\n<meta property=\"og:title\" content=\"A covid-statisztika az \u00e9vsz\u00e1zad csal\u00e1sa: a miniszt\u00e9riumi jelent\u00e9s szerint csak 227 hal\u00e1leset t\u00f6rt\u00e9nt covid19 fert\u0151z\u00e9s miatt Rom\u00e1ni\u00e1ban 2020-ban\" \/>\n<meta property=\"og:description\" content=\"Informatia la putere\" \/>\n<meta property=\"og:url\" content=\"https:\/\/informatialibera.ro\/hu\/a-covid-statisztika-az-evszazad-csalasa-a-miniszteriumi-jelentes-szerint-csak-227-halaleset-tortent-covid19-fertozes-miatt-romaniaban-2020-ban\/\" \/>\n<meta property=\"og:site_name\" content=\"Informa\u021bia Liber\u0103\" \/>\n<meta property=\"article:publisher\" content=\"https:\/\/www.facebook.com\/informatialibera\" \/>\n<meta property=\"article:published_time\" content=\"2021-05-17T11:00:41+00:00\" \/>\n<meta property=\"article:modified_time\" content=\"2021-05-17T11:01:30+00:00\" \/>\n<meta property=\"og:image\" content=\"https:\/\/i1.wp.com\/informatialibera.ro\/wp-content\/uploads\/2021\/05\/CSAL.jpg?fit=650%2C325&ssl=1\" \/>\n\t<meta property=\"og:image:width\" content=\"650\" \/>\n\t<meta property=\"og:image:height\" content=\"325\" \/>\n\t<meta property=\"og:image:type\" content=\"image\/jpeg\" \/>\n<meta name=\"author\" content=\"Informa\u021bia Liber\u0103\" \/>\n<meta name=\"twitter:card\" content=\"summary_large_image\" \/>\n<meta name=\"twitter:label1\" content=\"Szerz\u0151:\" \/>\n\t<meta name=\"twitter:data1\" content=\"Informa\u021bia Liber\u0103\" \/>\n\t<meta name=\"twitter:label2\" content=\"Becs\u00fclt olvas\u00e1si id\u0151\" \/>\n\t<meta name=\"twitter:data2\" content=\"3 perc\" \/>\n<script type=\"application\/ld+json\" class=\"yoast-schema-graph\">{\"@context\":\"https:\\\/\\\/schema.org\",\"@graph\":[{\"@type\":\"Article\",\"@id\":\"https:\\\/\\\/informatialibera.ro\\\/hu\\\/a-covid-statisztika-az-evszazad-csalasa-a-miniszteriumi-jelentes-szerint-csak-227-halaleset-tortent-covid19-fertozes-miatt-romaniaban-2020-ban\\\/#article\",\"isPartOf\":{\"@id\":\"https:\\\/\\\/informatialibera.ro\\\/hu\\\/a-covid-statisztika-az-evszazad-csalasa-a-miniszteriumi-jelentes-szerint-csak-227-halaleset-tortent-covid19-fertozes-miatt-romaniaban-2020-ban\\\/\"},\"author\":{\"name\":\"Informa\u021bia Liber\u0103\",\"@id\":\"https:\\\/\\\/informatialibera.ro\\\/hu\\\/#\\\/schema\\\/person\\\/3935e88010898cefa27426703e35ee0c\"},\"headline\":\"A covid-statisztika az \u00e9vsz\u00e1zad csal\u00e1sa: a miniszt\u00e9riumi jelent\u00e9s szerint csak 227 hal\u00e1leset t\u00f6rt\u00e9nt covid19 fert\u0151z\u00e9s miatt Rom\u00e1ni\u00e1ban 2020-ban\",\"datePublished\":\"2021-05-17T11:00:41+00:00\",\"dateModified\":\"2021-05-17T11:01:30+00:00\",\"mainEntityOfPage\":{\"@id\":\"https:\\\/\\\/informatialibera.ro\\\/hu\\\/a-covid-statisztika-az-evszazad-csalasa-a-miniszteriumi-jelentes-szerint-csak-227-halaleset-tortent-covid19-fertozes-miatt-romaniaban-2020-ban\\\/\"},\"wordCount\":598,\"commentCount\":0,\"publisher\":{\"@id\":\"https:\\\/\\\/informatialibera.ro\\\/hu\\\/#organization\"},\"image\":{\"@id\":\"https:\\\/\\\/informatialibera.ro\\\/hu\\\/a-covid-statisztika-az-evszazad-csalasa-a-miniszteriumi-jelentes-szerint-csak-227-halaleset-tortent-covid19-fertozes-miatt-romaniaban-2020-ban\\\/#primaryimage\"},\"thumbnailUrl\":\"https:\\\/\\\/informatialibera.ro\\\/wp-content\\\/uploads\\\/2021\\\/05\\\/CSAL.jpg\",\"articleSection\":[\"Aktu\u00e1lis\",\"T\u00e9nyek m\u00f6g\u00f6tt a l\u00e9nyeg\"],\"inLanguage\":\"hu\",\"potentialAction\":[{\"@type\":\"CommentAction\",\"name\":\"Comment\",\"target\":[\"https:\\\/\\\/informatialibera.ro\\\/hu\\\/a-covid-statisztika-az-evszazad-csalasa-a-miniszteriumi-jelentes-szerint-csak-227-halaleset-tortent-covid19-fertozes-miatt-romaniaban-2020-ban\\\/#respond\"]}]},{\"@type\":\"WebPage\",\"@id\":\"https:\\\/\\\/informatialibera.ro\\\/hu\\\/a-covid-statisztika-az-evszazad-csalasa-a-miniszteriumi-jelentes-szerint-csak-227-halaleset-tortent-covid19-fertozes-miatt-romaniaban-2020-ban\\\/\",\"url\":\"https:\\\/\\\/informatialibera.ro\\\/hu\\\/a-covid-statisztika-az-evszazad-csalasa-a-miniszteriumi-jelentes-szerint-csak-227-halaleset-tortent-covid19-fertozes-miatt-romaniaban-2020-ban\\\/\",\"name\":\"A covid-statisztika az \u00e9vsz\u00e1zad csal\u00e1sa: a miniszt\u00e9riumi jelent\u00e9s szerint csak 227 hal\u00e1leset t\u00f6rt\u00e9nt covid19 fert\u0151z\u00e9s miatt Rom\u00e1ni\u00e1ban 2020-ban -\",\"isPartOf\":{\"@id\":\"https:\\\/\\\/informatialibera.ro\\\/hu\\\/#website\"},\"primaryImageOfPage\":{\"@id\":\"https:\\\/\\\/informatialibera.ro\\\/hu\\\/a-covid-statisztika-az-evszazad-csalasa-a-miniszteriumi-jelentes-szerint-csak-227-halaleset-tortent-covid19-fertozes-miatt-romaniaban-2020-ban\\\/#primaryimage\"},\"image\":{\"@id\":\"https:\\\/\\\/informatialibera.ro\\\/hu\\\/a-covid-statisztika-az-evszazad-csalasa-a-miniszteriumi-jelentes-szerint-csak-227-halaleset-tortent-covid19-fertozes-miatt-romaniaban-2020-ban\\\/#primaryimage\"},\"thumbnailUrl\":\"https:\\\/\\\/informatialibera.ro\\\/wp-content\\\/uploads\\\/2021\\\/05\\\/CSAL.jpg\",\"datePublished\":\"2021-05-17T11:00:41+00:00\",\"dateModified\":\"2021-05-17T11:01:30+00:00\",\"description\":\"A covid-statisztika az \u00e9vsz\u00e1zad csal\u00e1sa: a miniszt\u00e9riumi jelent\u00e9s szerint csak 227 hal\u00e1leset t\u00f6rt\u00e9nt covid19 fert\u0151z\u00e9s miatt Rom\u00e1ni\u00e1ban 2020-ban\",\"breadcrumb\":{\"@id\":\"https:\\\/\\\/informatialibera.ro\\\/hu\\\/a-covid-statisztika-az-evszazad-csalasa-a-miniszteriumi-jelentes-szerint-csak-227-halaleset-tortent-covid19-fertozes-miatt-romaniaban-2020-ban\\\/#breadcrumb\"},\"inLanguage\":\"hu\",\"potentialAction\":[{\"@type\":\"ReadAction\",\"target\":[\"https:\\\/\\\/informatialibera.ro\\\/hu\\\/a-covid-statisztika-az-evszazad-csalasa-a-miniszteriumi-jelentes-szerint-csak-227-halaleset-tortent-covid19-fertozes-miatt-romaniaban-2020-ban\\\/\"]}]},{\"@type\":\"ImageObject\",\"inLanguage\":\"hu\",\"@id\":\"https:\\\/\\\/informatialibera.ro\\\/hu\\\/a-covid-statisztika-az-evszazad-csalasa-a-miniszteriumi-jelentes-szerint-csak-227-halaleset-tortent-covid19-fertozes-miatt-romaniaban-2020-ban\\\/#primaryimage\",\"url\":\"https:\\\/\\\/informatialibera.ro\\\/wp-content\\\/uploads\\\/2021\\\/05\\\/CSAL.jpg\",\"contentUrl\":\"https:\\\/\\\/informatialibera.ro\\\/wp-content\\\/uploads\\\/2021\\\/05\\\/CSAL.jpg\",\"width\":650,\"height\":325},{\"@type\":\"BreadcrumbList\",\"@id\":\"https:\\\/\\\/informatialibera.ro\\\/hu\\\/a-covid-statisztika-az-evszazad-csalasa-a-miniszteriumi-jelentes-szerint-csak-227-halaleset-tortent-covid19-fertozes-miatt-romaniaban-2020-ban\\\/#breadcrumb\",\"itemListElement\":[{\"@type\":\"ListItem\",\"position\":1,\"name\":\"Prima pagin\u0103\",\"item\":\"https:\\\/\\\/informatialibera.ro\\\/hu\\\/\"},{\"@type\":\"ListItem\",\"position\":2,\"name\":\"A covid-statisztika az \u00e9vsz\u00e1zad csal\u00e1sa: a miniszt\u00e9riumi jelent\u00e9s szerint csak 227 hal\u00e1leset t\u00f6rt\u00e9nt covid19 fert\u0151z\u00e9s miatt Rom\u00e1ni\u00e1ban 2020-ban\"}]},{\"@type\":\"WebSite\",\"@id\":\"https:\\\/\\\/informatialibera.ro\\\/hu\\\/#website\",\"url\":\"https:\\\/\\\/informatialibera.ro\\\/hu\\\/\",\"name\":\"Informa\u021bia Liber\u0103\",\"description\":\"G\u00e2nde\u0219te liber. Informeaz\u0103-te corect!\",\"publisher\":{\"@id\":\"https:\\\/\\\/informatialibera.ro\\\/hu\\\/#organization\"},\"alternateName\":\"Informa\u021bia Liber\u0103\",\"potentialAction\":[{\"@type\":\"SearchAction\",\"target\":{\"@type\":\"EntryPoint\",\"urlTemplate\":\"https:\\\/\\\/informatialibera.ro\\\/hu\\\/?s={search_term_string}\"},\"query-input\":{\"@type\":\"PropertyValueSpecification\",\"valueRequired\":true,\"valueName\":\"search_term_string\"}}],\"inLanguage\":\"hu\"},{\"@type\":\"Organization\",\"@id\":\"https:\\\/\\\/informatialibera.ro\\\/hu\\\/#organization\",\"name\":\"Informa\u021bia Liber\u0103\",\"alternateName\":\"Informa\u021bia Liber\u0103\",\"url\":\"https:\\\/\\\/informatialibera.ro\\\/hu\\\/\",\"logo\":{\"@type\":\"ImageObject\",\"inLanguage\":\"hu\",\"@id\":\"https:\\\/\\\/informatialibera.ro\\\/hu\\\/#\\\/schema\\\/logo\\\/image\\\/\",\"url\":\"https:\\\/\\\/i0.wp.com\\\/informatialibera.ro\\\/wp-content\\\/uploads\\\/2021\\\/01\\\/android-chrome-512x512-1.png?fit=512%2C512&ssl=1\",\"contentUrl\":\"https:\\\/\\\/i0.wp.com\\\/informatialibera.ro\\\/wp-content\\\/uploads\\\/2021\\\/01\\\/android-chrome-512x512-1.png?fit=512%2C512&ssl=1\",\"width\":512,\"height\":512,\"caption\":\"Informa\u021bia Liber\u0103\"},\"image\":{\"@id\":\"https:\\\/\\\/informatialibera.ro\\\/hu\\\/#\\\/schema\\\/logo\\\/image\\\/\"},\"sameAs\":[\"https:\\\/\\\/www.facebook.com\\\/informatialibera\"]},{\"@type\":\"Person\",\"@id\":\"https:\\\/\\\/informatialibera.ro\\\/hu\\\/#\\\/schema\\\/person\\\/3935e88010898cefa27426703e35ee0c\",\"name\":\"Informa\u021bia Liber\u0103\",\"image\":{\"@type\":\"ImageObject\",\"inLanguage\":\"hu\",\"@id\":\"https:\\\/\\\/secure.gravatar.com\\\/avatar\\\/a55e7900f81e4cbde1d5bec6952c403e6315eca6190d9b2b3ffe0f239dee2dce?s=96&d=identicon&r=g\",\"url\":\"https:\\\/\\\/secure.gravatar.com\\\/avatar\\\/a55e7900f81e4cbde1d5bec6952c403e6315eca6190d9b2b3ffe0f239dee2dce?s=96&d=identicon&r=g\",\"contentUrl\":\"https:\\\/\\\/secure.gravatar.com\\\/avatar\\\/a55e7900f81e4cbde1d5bec6952c403e6315eca6190d9b2b3ffe0f239dee2dce?s=96&d=identicon&r=g\",\"caption\":\"Informa\u021bia Liber\u0103\"},\"url\":\"https:\\\/\\\/informatialibera.ro\\\/hu\\\/author\\\/mariaszoke\\\/\"}]}<\/script>\n<!-- \/ Yoast SEO Premium plugin. -->","yoast_head_json":{"title":"A covid-statisztika az \u00e9vsz\u00e1zad csal\u00e1sa: a miniszt\u00e9riumi jelent\u00e9s szerint csak 227 hal\u00e1leset t\u00f6rt\u00e9nt covid19 fert\u0151z\u00e9s miatt Rom\u00e1ni\u00e1ban 2020-ban -","description":"A covid-statisztika az \u00e9vsz\u00e1zad csal\u00e1sa: a miniszt\u00e9riumi jelent\u00e9s szerint csak 227 hal\u00e1leset t\u00f6rt\u00e9nt covid19 fert\u0151z\u00e9s miatt Rom\u00e1ni\u00e1ban 2020-ban","robots":{"index":"index","follow":"follow","max-snippet":"max-snippet:-1","max-image-preview":"max-image-preview:large","max-video-preview":"max-video-preview:-1"},"canonical":"https:\/\/informatialibera.ro\/hu\/a-covid-statisztika-az-evszazad-csalasa-a-miniszteriumi-jelentes-szerint-csak-227-halaleset-tortent-covid19-fertozes-miatt-romaniaban-2020-ban\/","og_locale":"hu_HU","og_type":"article","og_title":"A covid-statisztika az \u00e9vsz\u00e1zad csal\u00e1sa: a miniszt\u00e9riumi jelent\u00e9s szerint csak 227 hal\u00e1leset t\u00f6rt\u00e9nt covid19 fert\u0151z\u00e9s miatt Rom\u00e1ni\u00e1ban 2020-ban","og_description":"Informatia la putere","og_url":"https:\/\/informatialibera.ro\/hu\/a-covid-statisztika-az-evszazad-csalasa-a-miniszteriumi-jelentes-szerint-csak-227-halaleset-tortent-covid19-fertozes-miatt-romaniaban-2020-ban\/","og_site_name":"Informa\u021bia Liber\u0103","article_publisher":"https:\/\/www.facebook.com\/informatialibera","article_published_time":"2021-05-17T11:00:41+00:00","article_modified_time":"2021-05-17T11:01:30+00:00","og_image":[{"width":650,"height":325,"url":"https:\/\/i1.wp.com\/informatialibera.ro\/wp-content\/uploads\/2021\/05\/CSAL.jpg?fit=650%2C325&ssl=1","type":"image\/jpeg"}],"author":"Informa\u021bia Liber\u0103","twitter_card":"summary_large_image","twitter_misc":{"Szerz\u0151:":"Informa\u021bia Liber\u0103","Becs\u00fclt olvas\u00e1si id\u0151":"3 perc"},"schema":{"@context":"https:\/\/schema.org","@graph":[{"@type":"Article","@id":"https:\/\/informatialibera.ro\/hu\/a-covid-statisztika-az-evszazad-csalasa-a-miniszteriumi-jelentes-szerint-csak-227-halaleset-tortent-covid19-fertozes-miatt-romaniaban-2020-ban\/#article","isPartOf":{"@id":"https:\/\/informatialibera.ro\/hu\/a-covid-statisztika-az-evszazad-csalasa-a-miniszteriumi-jelentes-szerint-csak-227-halaleset-tortent-covid19-fertozes-miatt-romaniaban-2020-ban\/"},"author":{"name":"Informa\u021bia Liber\u0103","@id":"https:\/\/informatialibera.ro\/hu\/#\/schema\/person\/3935e88010898cefa27426703e35ee0c"},"headline":"A covid-statisztika az \u00e9vsz\u00e1zad csal\u00e1sa: a miniszt\u00e9riumi jelent\u00e9s szerint csak 227 hal\u00e1leset t\u00f6rt\u00e9nt covid19 fert\u0151z\u00e9s miatt Rom\u00e1ni\u00e1ban 2020-ban","datePublished":"2021-05-17T11:00:41+00:00","dateModified":"2021-05-17T11:01:30+00:00","mainEntityOfPage":{"@id":"https:\/\/informatialibera.ro\/hu\/a-covid-statisztika-az-evszazad-csalasa-a-miniszteriumi-jelentes-szerint-csak-227-halaleset-tortent-covid19-fertozes-miatt-romaniaban-2020-ban\/"},"wordCount":598,"commentCount":0,"publisher":{"@id":"https:\/\/informatialibera.ro\/hu\/#organization"},"image":{"@id":"https:\/\/informatialibera.ro\/hu\/a-covid-statisztika-az-evszazad-csalasa-a-miniszteriumi-jelentes-szerint-csak-227-halaleset-tortent-covid19-fertozes-miatt-romaniaban-2020-ban\/#primaryimage"},"thumbnailUrl":"https:\/\/informatialibera.ro\/wp-content\/uploads\/2021\/05\/CSAL.jpg","articleSection":["Aktu\u00e1lis","T\u00e9nyek m\u00f6g\u00f6tt a l\u00e9nyeg"],"inLanguage":"hu","potentialAction":[{"@type":"CommentAction","name":"Comment","target":["https:\/\/informatialibera.ro\/hu\/a-covid-statisztika-az-evszazad-csalasa-a-miniszteriumi-jelentes-szerint-csak-227-halaleset-tortent-covid19-fertozes-miatt-romaniaban-2020-ban\/#respond"]}]},{"@type":"WebPage","@id":"https:\/\/informatialibera.ro\/hu\/a-covid-statisztika-az-evszazad-csalasa-a-miniszteriumi-jelentes-szerint-csak-227-halaleset-tortent-covid19-fertozes-miatt-romaniaban-2020-ban\/","url":"https:\/\/informatialibera.ro\/hu\/a-covid-statisztika-az-evszazad-csalasa-a-miniszteriumi-jelentes-szerint-csak-227-halaleset-tortent-covid19-fertozes-miatt-romaniaban-2020-ban\/","name":"A covid-statisztika az \u00e9vsz\u00e1zad csal\u00e1sa: a miniszt\u00e9riumi jelent\u00e9s szerint csak 227 hal\u00e1leset t\u00f6rt\u00e9nt covid19 fert\u0151z\u00e9s miatt Rom\u00e1ni\u00e1ban 2020-ban -","isPartOf":{"@id":"https:\/\/informatialibera.ro\/hu\/#website"},"primaryImageOfPage":{"@id":"https:\/\/informatialibera.ro\/hu\/a-covid-statisztika-az-evszazad-csalasa-a-miniszteriumi-jelentes-szerint-csak-227-halaleset-tortent-covid19-fertozes-miatt-romaniaban-2020-ban\/#primaryimage"},"image":{"@id":"https:\/\/informatialibera.ro\/hu\/a-covid-statisztika-az-evszazad-csalasa-a-miniszteriumi-jelentes-szerint-csak-227-halaleset-tortent-covid19-fertozes-miatt-romaniaban-2020-ban\/#primaryimage"},"thumbnailUrl":"https:\/\/informatialibera.ro\/wp-content\/uploads\/2021\/05\/CSAL.jpg","datePublished":"2021-05-17T11:00:41+00:00","dateModified":"2021-05-17T11:01:30+00:00","description":"A covid-statisztika az \u00e9vsz\u00e1zad csal\u00e1sa: a miniszt\u00e9riumi jelent\u00e9s szerint csak 227 hal\u00e1leset t\u00f6rt\u00e9nt covid19 fert\u0151z\u00e9s miatt Rom\u00e1ni\u00e1ban 2020-ban","breadcrumb":{"@id":"https:\/\/informatialibera.ro\/hu\/a-covid-statisztika-az-evszazad-csalasa-a-miniszteriumi-jelentes-szerint-csak-227-halaleset-tortent-covid19-fertozes-miatt-romaniaban-2020-ban\/#breadcrumb"},"inLanguage":"hu","potentialAction":[{"@type":"ReadAction","target":["https:\/\/informatialibera.ro\/hu\/a-covid-statisztika-az-evszazad-csalasa-a-miniszteriumi-jelentes-szerint-csak-227-halaleset-tortent-covid19-fertozes-miatt-romaniaban-2020-ban\/"]}]},{"@type":"ImageObject","inLanguage":"hu","@id":"https:\/\/informatialibera.ro\/hu\/a-covid-statisztika-az-evszazad-csalasa-a-miniszteriumi-jelentes-szerint-csak-227-halaleset-tortent-covid19-fertozes-miatt-romaniaban-2020-ban\/#primaryimage","url":"https:\/\/informatialibera.ro\/wp-content\/uploads\/2021\/05\/CSAL.jpg","contentUrl":"https:\/\/informatialibera.ro\/wp-content\/uploads\/2021\/05\/CSAL.jpg","width":650,"height":325},{"@type":"BreadcrumbList","@id":"https:\/\/informatialibera.ro\/hu\/a-covid-statisztika-az-evszazad-csalasa-a-miniszteriumi-jelentes-szerint-csak-227-halaleset-tortent-covid19-fertozes-miatt-romaniaban-2020-ban\/#breadcrumb","itemListElement":[{"@type":"ListItem","position":1,"name":"Prima pagin\u0103","item":"https:\/\/informatialibera.ro\/hu\/"},{"@type":"ListItem","position":2,"name":"A covid-statisztika az \u00e9vsz\u00e1zad csal\u00e1sa: a miniszt\u00e9riumi jelent\u00e9s szerint csak 227 hal\u00e1leset t\u00f6rt\u00e9nt covid19 fert\u0151z\u00e9s miatt Rom\u00e1ni\u00e1ban 2020-ban"}]},{"@type":"WebSite","@id":"https:\/\/informatialibera.ro\/hu\/#website","url":"https:\/\/informatialibera.ro\/hu\/","name":"Informa\u021bia Liber\u0103","description":"G\u00e2nde\u0219te liber. Informeaz\u0103-te corect!","publisher":{"@id":"https:\/\/informatialibera.ro\/hu\/#organization"},"alternateName":"Informa\u021bia Liber\u0103","potentialAction":[{"@type":"SearchAction","target":{"@type":"EntryPoint","urlTemplate":"https:\/\/informatialibera.ro\/hu\/?s={search_term_string}"},"query-input":{"@type":"PropertyValueSpecification","valueRequired":true,"valueName":"search_term_string"}}],"inLanguage":"hu"},{"@type":"Organization","@id":"https:\/\/informatialibera.ro\/hu\/#organization","name":"Informa\u021bia Liber\u0103","alternateName":"Informa\u021bia Liber\u0103","url":"https:\/\/informatialibera.ro\/hu\/","logo":{"@type":"ImageObject","inLanguage":"hu","@id":"https:\/\/informatialibera.ro\/hu\/#\/schema\/logo\/image\/","url":"https:\/\/i0.wp.com\/informatialibera.ro\/wp-content\/uploads\/2021\/01\/android-chrome-512x512-1.png?fit=512%2C512&ssl=1","contentUrl":"https:\/\/i0.wp.com\/informatialibera.ro\/wp-content\/uploads\/2021\/01\/android-chrome-512x512-1.png?fit=512%2C512&ssl=1","width":512,"height":512,"caption":"Informa\u021bia Liber\u0103"},"image":{"@id":"https:\/\/informatialibera.ro\/hu\/#\/schema\/logo\/image\/"},"sameAs":["https:\/\/www.facebook.com\/informatialibera"]},{"@type":"Person","@id":"https:\/\/informatialibera.ro\/hu\/#\/schema\/person\/3935e88010898cefa27426703e35ee0c","name":"Informa\u021bia Liber\u0103","image":{"@type":"ImageObject","inLanguage":"hu","@id":"https:\/\/secure.gravatar.com\/avatar\/a55e7900f81e4cbde1d5bec6952c403e6315eca6190d9b2b3ffe0f239dee2dce?s=96&d=identicon&r=g","url":"https:\/\/secure.gravatar.com\/avatar\/a55e7900f81e4cbde1d5bec6952c403e6315eca6190d9b2b3ffe0f239dee2dce?s=96&d=identicon&r=g","contentUrl":"https:\/\/secure.gravatar.com\/avatar\/a55e7900f81e4cbde1d5bec6952c403e6315eca6190d9b2b3ffe0f239dee2dce?s=96&d=identicon&r=g","caption":"Informa\u021bia Liber\u0103"},"url":"https:\/\/informatialibera.ro\/hu\/author\/mariaszoke\/"}]}},"jetpack_featured_media_url":"https:\/\/informatialibera.ro\/wp-content\/uploads\/2021\/05\/CSAL.jpg","_links":{"self":[{"href":"https:\/\/informatialibera.ro\/hu\/wp-json\/wp\/v2\/posts\/7280","targetHints":{"allow":["GET"]}}],"collection":[{"href":"https:\/\/informatialibera.ro\/hu\/wp-json\/wp\/v2\/posts"}],"about":[{"href":"https:\/\/informatialibera.ro\/hu\/wp-json\/wp\/v2\/types\/post"}],"author":[{"embeddable":true,"href":"https:\/\/informatialibera.ro\/hu\/wp-json\/wp\/v2\/users\/2"}],"replies":[{"embeddable":true,"href":"https:\/\/informatialibera.ro\/hu\/wp-json\/wp\/v2\/comments?post=7280"}],"version-history":[{"count":2,"href":"https:\/\/informatialibera.ro\/hu\/wp-json\/wp\/v2\/posts\/7280\/revisions"}],"predecessor-version":[{"id":7282,"href":"https:\/\/informatialibera.ro\/hu\/wp-json\/wp\/v2\/posts\/7280\/revisions\/7282"}],"wp:featuredmedia":[{"embeddable":true,"href":"https:\/\/informatialibera.ro\/hu\/wp-json\/wp\/v2\/media\/7279"}],"wp:attachment":[{"href":"https:\/\/informatialibera.ro\/hu\/wp-json\/wp\/v2\/media?parent=7280"}],"wp:term":[{"taxonomy":"category","embeddable":true,"href":"https:\/\/informatialibera.ro\/hu\/wp-json\/wp\/v2\/categories?post=7280"},{"taxonomy":"post_tag","embeddable":true,"href":"https:\/\/informatialibera.ro\/hu\/wp-json\/wp\/v2\/tags?post=7280"}],"curies":[{"name":"wp","href":"https:\/\/api.w.org\/{rel}","templated":true}]}}